{"id":997,"date":"2019-04-11T10:10:50","date_gmt":"2019-04-11T10:10:50","guid":{"rendered":"https:\/\/www.llunaaquahotel.com\/?p=997"},"modified":"2019-04-11T10:10:50","modified_gmt":"2019-04-11T10:10:50","slug":"firo-hotel-en-soller","status":"publish","type":"post","link":"https:\/\/www.llunaaquahotel.com\/es\/blog\/firo-hotel-en-soller\/","title":{"rendered":"Vive la intensidad del Fir\u00f3 2019 cerca de nuestro hotel en S\u00f3ller"},"content":{"rendered":"<p><strong>S\u00f3ller<\/strong> es un pueblo anclado a la <strong>cultura<\/strong> y <strong>tradiciones<\/strong> de <strong>Mallorca<\/strong>. Basta con pasear por sus hist\u00f3ricas calles para darse cuenta de que el patrimonio recibido durante su historia <strong>se ha conservado a la perfecci\u00f3n<\/strong>. Las <strong><u><a href=\"https:\/\/www.llunaaquahotel.com\/es\/\">instalaciones de nuestro hotel en S\u00f3ller<\/a><\/u><\/strong>, por ejemplo, son un aval de que as\u00ed es. Y su gran fiesta popular por excelencia no pod\u00eda ser menos. El <strong>Fir\u00f3<\/strong>, su nombre local, es una de las celebraciones tem\u00e1ticas m\u00e1s famosas y concurridas durante el a\u00f1o en la isla. \u00bfQuieres saber qu\u00e9 se conmemora y c\u00f3mo se celebra? <strong>Lluna Aqua Hotel<\/strong> te lo cuenta con todo detalle en este art\u00edculo de blog.<\/p>\n<p>&nbsp;<\/p>\n<h2>\u00a1Que vienen los piratas!<\/h2>\n<p>El Fir\u00f3 es una fiesta hist\u00f3rica en Mallorca que recuerda y conmemora el <strong>saqueo pirata que sufri\u00f3 S\u00f3ller el 11 de mayo de 1561<\/strong>. Cada lunes posterior al segundo domingo de marzo, las campanas repican en el pueblo a las tres de la tarde: est\u00e1n alertando de que <strong>se han divisado naves piratas enemigas<\/strong> y preparan a los valientes habitantes de la comunidad para el ataque de los piratas sarracenos. Desde aquel 1561, los habitantes de S\u00f3ller <strong>se visten de \u00e9poca e interpretan a los dos bandos en una \u00e9pica y espectacular batalla<\/strong> que se divide en cuatro actos. De mientras, la <strong>Serra de Tramuntana<\/strong> y <strong><u><a href=\"https:\/\/www.llunaaquahotel.com\/es\/hotel-centro-de-soller\/\">nuestro hotel en el centro de S\u00f3ller<\/a><\/u><\/strong>, son los espectadores inmortales de este acontecimiento.<\/p>\n<p>&nbsp;<\/p>\n<h2>Los payeses organizan su defensa cerca de nuestro hotel en S\u00f3ller<\/h2>\n<p>Los <strong>payeses<\/strong>, vestidos con la vestimenta tradicional, se re\u00fanen en la c\u00e9ntrica <strong>Pla\u00e7a dels Estiradors<\/strong>, a 5 minutos de <strong>nuestro hotel en S\u00f3ller<\/strong>, para ir a la batalla. El personaje que encarna al <strong>capit\u00e1n Angelats<\/strong> se encomienda a la <strong>Mare de D\u00e9u de la Vict\u00f2ria<\/strong> y arenga a los sollerics a desplazarse para defender su pueblo. Para presenciar la primera batalla debemos desplazarnos hasta el <strong>Puerto de S\u00f3ller<\/strong> donde <strong>centenares de piratas pintados de negro y con sus armas en mano desembarcan<\/strong> para proceder a atacar el pueblo. Los payeses, armados con escopetas -de fogueo-, tratan de retener el ataque en la orilla de la playa.<\/p>\n<p>&nbsp;<\/p>\n<h2>El Puerto de S\u00f3ller se llena de p\u00f3lvora<\/h2>\n<p>Durante el segundo ataque, dirigido por el <strong>Rey moro<\/strong>, el capit\u00e1n de los piratas, se producen saqueos en la calle y tiene lugar uno de los momentos m\u00e1s memorables de esta historia. Las <strong>Valentes Dones<\/strong>, dos hermanas sollericas, defienden su casa matando al pirata enemigo y pasando a formar parte de la historia de S\u00f3ller. Tras la intensa batalla, se produce el <strong>encontronazo final en la plaza principal de S\u00f3ller<\/strong>, donde los locales vencen a los piratas y se alzan los disparos de escopeta y el olor a p\u00f3lvora.<\/p>\n<p>&nbsp;<\/p>\n<h2>Reserva tu habitaci\u00f3n en nuestro hotel en S\u00f3ller y no te pierdas nada<\/h2>\n<p>La traca final es la m\u00e1s emotiva: los sollerics, esta vez todos unidos, entonan <strong>La Balanguera<\/strong>, el himno de Mallorca, en un instante emotivo que inicia la gran fiesta que se alarga durante toda la noche. Sin duda, un acontecimiento \u00fanico que se debe sentir al menos una vez en la vida en carne y hueso y que <strong><u><a href=\"https:\/\/www.llunaaquahotel.com\/es\/\">nuestro hotel en S\u00f3ller<\/a><\/u><\/strong> te proporciona la oportunidad de vivir de cerca. <strong><u><a href=\"https:\/\/www.llunaaquahotel.com\/es\/hotel-en-soller-habitaciones\/\">Reserva tu habitaci\u00f3n durante estas fechas tan se\u00f1aladas<\/a><\/u><\/strong> y convi\u00e9rtete en un protagonista m\u00e1s de la historia de Mallorca. <strong>\u00a1A la batalla!<\/strong><\/p>\n<p>&nbsp;<\/p>\n","protected":false},"excerpt":{"rendered":"<p>S\u00f3ller es un pueblo anclado a la cultura y tradiciones de Mallorca. Basta con pasear por sus hist\u00f3ricas calles para darse cuenta de que el patrimonio recibido durante su historia se ha conservado a la perfecci\u00f3n. Las instalaciones de nuestro hotel en S\u00f3ller, por ejemplo, son un aval de que as\u00ed es. Y su gran [&hellip;]<\/p>\n","protected":false},"author":1,"featured_media":998,"comment_status":"closed","ping_status":"closed","sticky":false,"template":"","format":"standard","meta":{"footnotes":""},"categories":[5],"tags":[],"class_list":["post-997","post","type-post","status-publish","format-standard","has-post-thumbnail","hentry","category-cultura"],"yoast_head":"<!-- This site is optimized with the Yoast SEO plugin v27.4 - https:\/\/yoast.com\/product\/yoast-seo-wordpress\/ -->\n<title>Vive el Fir\u00f3 2019 cerca de nuestro hotel en S\u00f3ller | Lluna Aqua Hotel<\/title>\n<meta name=\"description\" content=\"\u00bfQuieres saber qu\u00e9 se conmemora y c\u00f3mo se celebra el Fir\u00f3 de S\u00f3ller? Lluna Aqua Hotel te lo cuenta con todo detalle en este art\u00edculo de blog.\" \/>\n<meta name=\"robots\" content=\"index, follow, max-snippet:-1, max-image-preview:large, max-video-preview:-1\" \/>\n<link rel=\"canonical\" href=\"https:\/\/www.llunaaquahotel.com\/blog\/live-the-intensity-of-the-firo-2019-nearby-to-our-hotel-in-soller\/\" \/>\n<meta property=\"og:locale\" content=\"es_ES\" \/>\n<meta property=\"og:type\" content=\"article\" \/>\n<meta property=\"og:title\" content=\"Vive el Fir\u00f3 2019 cerca de nuestro hotel en S\u00f3ller | Lluna Aqua Hotel\" \/>\n<meta property=\"og:description\" content=\"\u00bfQuieres saber qu\u00e9 se conmemora y c\u00f3mo se celebra el Fir\u00f3 de S\u00f3ller? Lluna Aqua Hotel te lo cuenta con todo detalle en este art\u00edculo de blog.\" \/>\n<meta property=\"og:url\" content=\"https:\/\/www.llunaaquahotel.com\/blog\/live-the-intensity-of-the-firo-2019-nearby-to-our-hotel-in-soller\/\" \/>\n<meta property=\"og:site_name\" content=\"Lluna Aqua S\u00f3ller\" \/>\n<meta property=\"article:published_time\" content=\"2019-04-11T10:10:50+00:00\" \/>\n<meta property=\"og:image\" content=\"https:\/\/www.llunaaquahotel.com\/wp-content\/uploads\/2019\/04\/firo-fair-hotel-in-soller.jpg\" \/>\n\t<meta property=\"og:image:width\" content=\"600\" \/>\n\t<meta property=\"og:image:height\" content=\"424\" \/>\n\t<meta property=\"og:image:type\" content=\"image\/jpeg\" \/>\n<meta name=\"author\" content=\"Lluna Aqua S\u00f3ller\" \/>\n<meta name=\"twitter:card\" content=\"summary_large_image\" \/>\n<meta name=\"twitter:label1\" content=\"Escrito por\" \/>\n\t<meta name=\"twitter:data1\" content=\"Lluna Aqua S\u00f3ller\" \/>\n\t<meta name=\"twitter:label2\" content=\"Tiempo de lectura\" \/>\n\t<meta name=\"twitter:data2\" content=\"3 minutos\" \/>\n<script type=\"application\/ld+json\" class=\"yoast-schema-graph\">{\"@context\":\"https:\\\/\\\/schema.org\",\"@graph\":[{\"@type\":\"Article\",\"@id\":\"https:\\\/\\\/www.llunaaquahotel.com\\\/blog\\\/live-the-intensity-of-the-firo-2019-nearby-to-our-hotel-in-soller\\\/#article\",\"isPartOf\":{\"@id\":\"https:\\\/\\\/www.llunaaquahotel.com\\\/blog\\\/live-the-intensity-of-the-firo-2019-nearby-to-our-hotel-in-soller\\\/\"},\"author\":{\"name\":\"Lluna Aqua S\u00f3ller\",\"@id\":\"https:\\\/\\\/www.llunaaquahotel.com\\\/#\\\/schema\\\/person\\\/34f185281a29899cd3b2eb10af482de6\"},\"headline\":\"Vive la intensidad del Fir\u00f3 2019 cerca de nuestro hotel en S\u00f3ller\",\"datePublished\":\"2019-04-11T10:10:50+00:00\",\"mainEntityOfPage\":{\"@id\":\"https:\\\/\\\/www.llunaaquahotel.com\\\/blog\\\/live-the-intensity-of-the-firo-2019-nearby-to-our-hotel-in-soller\\\/\"},\"wordCount\":602,\"image\":{\"@id\":\"https:\\\/\\\/www.llunaaquahotel.com\\\/blog\\\/live-the-intensity-of-the-firo-2019-nearby-to-our-hotel-in-soller\\\/#primaryimage\"},\"thumbnailUrl\":\"https:\\\/\\\/www.llunaaquahotel.com\\\/wp-content\\\/uploads\\\/2019\\\/04\\\/firo-fair-hotel-in-soller.jpg\",\"articleSection\":[\"cultura\"],\"inLanguage\":\"es\"},{\"@type\":\"WebPage\",\"@id\":\"https:\\\/\\\/www.llunaaquahotel.com\\\/blog\\\/live-the-intensity-of-the-firo-2019-nearby-to-our-hotel-in-soller\\\/\",\"url\":\"https:\\\/\\\/www.llunaaquahotel.com\\\/blog\\\/live-the-intensity-of-the-firo-2019-nearby-to-our-hotel-in-soller\\\/\",\"name\":\"Vive el Fir\u00f3 2019 cerca de nuestro hotel en S\u00f3ller | Lluna Aqua Hotel\",\"isPartOf\":{\"@id\":\"https:\\\/\\\/www.llunaaquahotel.com\\\/#website\"},\"primaryImageOfPage\":{\"@id\":\"https:\\\/\\\/www.llunaaquahotel.com\\\/blog\\\/live-the-intensity-of-the-firo-2019-nearby-to-our-hotel-in-soller\\\/#primaryimage\"},\"image\":{\"@id\":\"https:\\\/\\\/www.llunaaquahotel.com\\\/blog\\\/live-the-intensity-of-the-firo-2019-nearby-to-our-hotel-in-soller\\\/#primaryimage\"},\"thumbnailUrl\":\"https:\\\/\\\/www.llunaaquahotel.com\\\/wp-content\\\/uploads\\\/2019\\\/04\\\/firo-fair-hotel-in-soller.jpg\",\"datePublished\":\"2019-04-11T10:10:50+00:00\",\"author\":{\"@id\":\"https:\\\/\\\/www.llunaaquahotel.com\\\/#\\\/schema\\\/person\\\/34f185281a29899cd3b2eb10af482de6\"},\"description\":\"\u00bfQuieres saber qu\u00e9 se conmemora y c\u00f3mo se celebra el Fir\u00f3 de S\u00f3ller? Lluna Aqua Hotel te lo cuenta con todo detalle en este art\u00edculo de blog.\",\"breadcrumb\":{\"@id\":\"https:\\\/\\\/www.llunaaquahotel.com\\\/blog\\\/live-the-intensity-of-the-firo-2019-nearby-to-our-hotel-in-soller\\\/#breadcrumb\"},\"inLanguage\":\"es\",\"potentialAction\":[{\"@type\":\"ReadAction\",\"target\":[\"https:\\\/\\\/www.llunaaquahotel.com\\\/blog\\\/live-the-intensity-of-the-firo-2019-nearby-to-our-hotel-in-soller\\\/\"]}]},{\"@type\":\"ImageObject\",\"inLanguage\":\"es\",\"@id\":\"https:\\\/\\\/www.llunaaquahotel.com\\\/blog\\\/live-the-intensity-of-the-firo-2019-nearby-to-our-hotel-in-soller\\\/#primaryimage\",\"url\":\"https:\\\/\\\/www.llunaaquahotel.com\\\/wp-content\\\/uploads\\\/2019\\\/04\\\/firo-fair-hotel-in-soller.jpg\",\"contentUrl\":\"https:\\\/\\\/www.llunaaquahotel.com\\\/wp-content\\\/uploads\\\/2019\\\/04\\\/firo-fair-hotel-in-soller.jpg\",\"width\":600,\"height\":424,\"caption\":\"firo-fair-hotel-in-soller\"},{\"@type\":\"BreadcrumbList\",\"@id\":\"https:\\\/\\\/www.llunaaquahotel.com\\\/blog\\\/live-the-intensity-of-the-firo-2019-nearby-to-our-hotel-in-soller\\\/#breadcrumb\",\"itemListElement\":[{\"@type\":\"ListItem\",\"position\":1,\"name\":\"Portada\",\"item\":\"https:\\\/\\\/www.llunaaquahotel.com\\\/es\\\/\"},{\"@type\":\"ListItem\",\"position\":2,\"name\":\"Vive la intensidad del Fir\u00f3 2019 cerca de nuestro hotel en S\u00f3ller\"}]},{\"@type\":\"WebSite\",\"@id\":\"https:\\\/\\\/www.llunaaquahotel.com\\\/#website\",\"url\":\"https:\\\/\\\/www.llunaaquahotel.com\\\/\",\"name\":\"Lluna Aqua S\u00f3ller\",\"description\":\"\",\"potentialAction\":[{\"@type\":\"SearchAction\",\"target\":{\"@type\":\"EntryPoint\",\"urlTemplate\":\"https:\\\/\\\/www.llunaaquahotel.com\\\/?s={search_term_string}\"},\"query-input\":{\"@type\":\"PropertyValueSpecification\",\"valueRequired\":true,\"valueName\":\"search_term_string\"}}],\"inLanguage\":\"es\"},{\"@type\":\"Person\",\"@id\":\"https:\\\/\\\/www.llunaaquahotel.com\\\/#\\\/schema\\\/person\\\/34f185281a29899cd3b2eb10af482de6\",\"name\":\"Lluna Aqua S\u00f3ller\"}]}<\/script>\n<!-- \/ Yoast SEO plugin. -->","yoast_head_json":{"title":"Vive el Fir\u00f3 2019 cerca de nuestro hotel en S\u00f3ller | Lluna Aqua Hotel","description":"\u00bfQuieres saber qu\u00e9 se conmemora y c\u00f3mo se celebra el Fir\u00f3 de S\u00f3ller? Lluna Aqua Hotel te lo cuenta con todo detalle en este art\u00edculo de blog.","robots":{"index":"index","follow":"follow","max-snippet":"max-snippet:-1","max-image-preview":"max-image-preview:large","max-video-preview":"max-video-preview:-1"},"canonical":"https:\/\/www.llunaaquahotel.com\/blog\/live-the-intensity-of-the-firo-2019-nearby-to-our-hotel-in-soller\/","og_locale":"es_ES","og_type":"article","og_title":"Vive el Fir\u00f3 2019 cerca de nuestro hotel en S\u00f3ller | Lluna Aqua Hotel","og_description":"\u00bfQuieres saber qu\u00e9 se conmemora y c\u00f3mo se celebra el Fir\u00f3 de S\u00f3ller? Lluna Aqua Hotel te lo cuenta con todo detalle en este art\u00edculo de blog.","og_url":"https:\/\/www.llunaaquahotel.com\/blog\/live-the-intensity-of-the-firo-2019-nearby-to-our-hotel-in-soller\/","og_site_name":"Lluna Aqua S\u00f3ller","article_published_time":"2019-04-11T10:10:50+00:00","og_image":[{"width":600,"height":424,"url":"https:\/\/www.llunaaquahotel.com\/wp-content\/uploads\/2019\/04\/firo-fair-hotel-in-soller.jpg","type":"image\/jpeg"}],"author":"Lluna Aqua S\u00f3ller","twitter_card":"summary_large_image","twitter_misc":{"Escrito por":"Lluna Aqua S\u00f3ller","Tiempo de lectura":"3 minutos"},"schema":{"@context":"https:\/\/schema.org","@graph":[{"@type":"Article","@id":"https:\/\/www.llunaaquahotel.com\/blog\/live-the-intensity-of-the-firo-2019-nearby-to-our-hotel-in-soller\/#article","isPartOf":{"@id":"https:\/\/www.llunaaquahotel.com\/blog\/live-the-intensity-of-the-firo-2019-nearby-to-our-hotel-in-soller\/"},"author":{"name":"Lluna Aqua S\u00f3ller","@id":"https:\/\/www.llunaaquahotel.com\/#\/schema\/person\/34f185281a29899cd3b2eb10af482de6"},"headline":"Vive la intensidad del Fir\u00f3 2019 cerca de nuestro hotel en S\u00f3ller","datePublished":"2019-04-11T10:10:50+00:00","mainEntityOfPage":{"@id":"https:\/\/www.llunaaquahotel.com\/blog\/live-the-intensity-of-the-firo-2019-nearby-to-our-hotel-in-soller\/"},"wordCount":602,"image":{"@id":"https:\/\/www.llunaaquahotel.com\/blog\/live-the-intensity-of-the-firo-2019-nearby-to-our-hotel-in-soller\/#primaryimage"},"thumbnailUrl":"https:\/\/www.llunaaquahotel.com\/wp-content\/uploads\/2019\/04\/firo-fair-hotel-in-soller.jpg","articleSection":["cultura"],"inLanguage":"es"},{"@type":"WebPage","@id":"https:\/\/www.llunaaquahotel.com\/blog\/live-the-intensity-of-the-firo-2019-nearby-to-our-hotel-in-soller\/","url":"https:\/\/www.llunaaquahotel.com\/blog\/live-the-intensity-of-the-firo-2019-nearby-to-our-hotel-in-soller\/","name":"Vive el Fir\u00f3 2019 cerca de nuestro hotel en S\u00f3ller | Lluna Aqua Hotel","isPartOf":{"@id":"https:\/\/www.llunaaquahotel.com\/#website"},"primaryImageOfPage":{"@id":"https:\/\/www.llunaaquahotel.com\/blog\/live-the-intensity-of-the-firo-2019-nearby-to-our-hotel-in-soller\/#primaryimage"},"image":{"@id":"https:\/\/www.llunaaquahotel.com\/blog\/live-the-intensity-of-the-firo-2019-nearby-to-our-hotel-in-soller\/#primaryimage"},"thumbnailUrl":"https:\/\/www.llunaaquahotel.com\/wp-content\/uploads\/2019\/04\/firo-fair-hotel-in-soller.jpg","datePublished":"2019-04-11T10:10:50+00:00","author":{"@id":"https:\/\/www.llunaaquahotel.com\/#\/schema\/person\/34f185281a29899cd3b2eb10af482de6"},"description":"\u00bfQuieres saber qu\u00e9 se conmemora y c\u00f3mo se celebra el Fir\u00f3 de S\u00f3ller? Lluna Aqua Hotel te lo cuenta con todo detalle en este art\u00edculo de blog.","breadcrumb":{"@id":"https:\/\/www.llunaaquahotel.com\/blog\/live-the-intensity-of-the-firo-2019-nearby-to-our-hotel-in-soller\/#breadcrumb"},"inLanguage":"es","potentialAction":[{"@type":"ReadAction","target":["https:\/\/www.llunaaquahotel.com\/blog\/live-the-intensity-of-the-firo-2019-nearby-to-our-hotel-in-soller\/"]}]},{"@type":"ImageObject","inLanguage":"es","@id":"https:\/\/www.llunaaquahotel.com\/blog\/live-the-intensity-of-the-firo-2019-nearby-to-our-hotel-in-soller\/#primaryimage","url":"https:\/\/www.llunaaquahotel.com\/wp-content\/uploads\/2019\/04\/firo-fair-hotel-in-soller.jpg","contentUrl":"https:\/\/www.llunaaquahotel.com\/wp-content\/uploads\/2019\/04\/firo-fair-hotel-in-soller.jpg","width":600,"height":424,"caption":"firo-fair-hotel-in-soller"},{"@type":"BreadcrumbList","@id":"https:\/\/www.llunaaquahotel.com\/blog\/live-the-intensity-of-the-firo-2019-nearby-to-our-hotel-in-soller\/#breadcrumb","itemListElement":[{"@type":"ListItem","position":1,"name":"Portada","item":"https:\/\/www.llunaaquahotel.com\/es\/"},{"@type":"ListItem","position":2,"name":"Vive la intensidad del Fir\u00f3 2019 cerca de nuestro hotel en S\u00f3ller"}]},{"@type":"WebSite","@id":"https:\/\/www.llunaaquahotel.com\/#website","url":"https:\/\/www.llunaaquahotel.com\/","name":"Lluna Aqua S\u00f3ller","description":"","potentialAction":[{"@type":"SearchAction","target":{"@type":"EntryPoint","urlTemplate":"https:\/\/www.llunaaquahotel.com\/?s={search_term_string}"},"query-input":{"@type":"PropertyValueSpecification","valueRequired":true,"valueName":"search_term_string"}}],"inLanguage":"es"},{"@type":"Person","@id":"https:\/\/www.llunaaquahotel.com\/#\/schema\/person\/34f185281a29899cd3b2eb10af482de6","name":"Lluna Aqua S\u00f3ller"}]}},"_links":{"self":[{"href":"https:\/\/www.llunaaquahotel.com\/es\/wp-json\/wp\/v2\/posts\/997","targetHints":{"allow":["GET"]}}],"collection":[{"href":"https:\/\/www.llunaaquahotel.com\/es\/wp-json\/wp\/v2\/posts"}],"about":[{"href":"https:\/\/www.llunaaquahotel.com\/es\/wp-json\/wp\/v2\/types\/post"}],"author":[{"embeddable":true,"href":"https:\/\/www.llunaaquahotel.com\/es\/wp-json\/wp\/v2\/users\/1"}],"replies":[{"embeddable":true,"href":"https:\/\/www.llunaaquahotel.com\/es\/wp-json\/wp\/v2\/comments?post=997"}],"version-history":[{"count":0,"href":"https:\/\/www.llunaaquahotel.com\/es\/wp-json\/wp\/v2\/posts\/997\/revisions"}],"wp:featuredmedia":[{"embeddable":true,"href":"https:\/\/www.llunaaquahotel.com\/es\/wp-json\/wp\/v2\/media\/998"}],"wp:attachment":[{"href":"https:\/\/www.llunaaquahotel.com\/es\/wp-json\/wp\/v2\/media?parent=997"}],"wp:term":[{"taxonomy":"category","embeddable":true,"href":"https:\/\/www.llunaaquahotel.com\/es\/wp-json\/wp\/v2\/categories?post=997"},{"taxonomy":"post_tag","embeddable":true,"href":"https:\/\/www.llunaaquahotel.com\/es\/wp-json\/wp\/v2\/tags?post=997"}],"curies":[{"name":"wp","href":"https:\/\/api.w.org\/{rel}","templated":true}]}}