{"id":1114,"date":"2019-06-07T09:48:40","date_gmt":"2019-06-07T09:48:40","guid":{"rendered":"https:\/\/www.llunaaquahotel.com\/?p=1114"},"modified":"2019-06-07T09:55:25","modified_gmt":"2019-06-07T09:55:25","slug":"hotel-soller-fiestas-de-verano","status":"publish","type":"post","link":"https:\/\/www.llunaaquahotel.com\/es\/blog\/hotel-soller-fiestas-de-verano\/","title":{"rendered":"Siente las fiestas de verano cerca de nuestro hotel en S\u00f3ller"},"content":{"rendered":"<p>Ya es una realidad. El <strong>verano<\/strong> est\u00e1 aqu\u00ed, y eso solo puede significar una cosa: es la <strong>mejor \u00e9poca<\/strong> para disfrutar de <span style=\"text-decoration: underline;\"><strong><a href=\"https:\/\/www.llunaaquahotel.com\/es\/\">nuestro hotel en S\u00f3ller<\/a><\/strong><\/span>. Los rayos de sol alimentan a <span style=\"text-decoration: underline;\"><strong><a href=\"https:\/\/www.llunaaquahotel.com\/es\/blog\/hotel-en-soller-descubrir\/\">los naranjos del valle de este pueblo<\/a><\/strong><\/span> ubicado en la <strong>Serra de Tramuntana<\/strong>, mientras que, durante todo el mes de junio, se celebran <strong>las mejores fiestas del verano<\/strong>. Locales y turistas se juntan para conmemorar la \u00e9poca estival y compartir vivencias en fechas tan se\u00f1aladas como <strong>Sant Joan<\/strong> o <strong>Sant Pere<\/strong>. \u00bfTe gustar\u00eda saber m\u00e1s acerca de estas dos festividades? <strong>Lluna Aqua Hotel<\/strong> te lo cuenta, palabra por palabra, en este art\u00edculo de blog.<\/p>\n<p>&nbsp;<\/p>\n<h2>La magia del fuego de Sant Joan, cerca de nuestro hotel en S\u00f3ller<\/h2>\n<p>Nuestro hotel en S\u00f3ller es <span style=\"text-decoration: underline;\"><strong><a href=\"https:\/\/www.llunaaquahotel.com\/es\/blog\/hotel-en-soller-historia\/\">un establecimiento lleno de historia<\/a><\/strong><\/span>. Es por ello por lo que no puede obviar las <strong>tradiciones<\/strong> y <strong>cultura<\/strong> de su pueblo. Y <strong>Sant Joan<\/strong> no iba a ser una excepci\u00f3n. Cada d\u00eda <strong>23 de junio<\/strong> se conmemora a lo largo del Mediterr\u00e1neo el <strong>solsticio de verano<\/strong>. \u00bfC\u00f3mo? A trav\u00e9s de su noche, <strong>la m\u00e1s corta del a\u00f1o<\/strong>. Y los pueblos lo hacen con <strong>fuego<\/strong>. Mucho fuego. Se dice que la leyenda especifica que los locales lo hacen para <strong>dar fuerza al sol<\/strong>, que poco a poco ir\u00e1 perdiendo fuerza hasta el mes de diciembre, donde tendr\u00e1 lugar el d\u00eda m\u00e1s corto del a\u00f1o. Es muy com\u00fan trasladar esta festividad a las <strong>playas<\/strong> y <strong>costas<\/strong> de cada pueblo, por lo que si te alojas en <span style=\"text-decoration: underline;\"><strong><a href=\"https:\/\/www.llunaaquahotel.com\/es\/\">nuestro hotel en S\u00f3ller<\/a><\/strong><\/span> te ser\u00e1 f\u00e1cil disfrutar de la fiesta en el <strong>Puerto de S\u00f3ller<\/strong>. Una vez en la arena y con las <strong>hogueras encendidas<\/strong>, los m\u00e1s valientes realizan <strong>tres saltos<\/strong> sobre ellas y se pide un deseo. Aunque hay otros que prefieren celebrar la tradici\u00f3n con un <strong>chapuz\u00f3n nocturno<\/strong>. \u00a1T\u00fa eliges!<\/p>\n<p>&nbsp;<\/p>\n<h2>Sant Pere, el patr\u00f3n de los pescadores<\/h2>\n<p>No nos alejamos del Puerto de S\u00f3ller. Esta vez hablamos de una festividad que se celebra durante varios d\u00edas a finales del mes de junio y principios de julio. Se trata de <strong>Sant Pere<\/strong>, la fiesta del <strong>barrio marinero<\/strong> del Puerto de S\u00f3ller que conmemora al <strong>patr\u00f3n de los pescadores<\/strong>. Durante los tres d\u00edas que duran las fiestas, podr\u00e1s encontrar <strong>actividades l\u00fadicas y deportivas<\/strong> para todos los p\u00fablicos y <strong>actuaciones hasta altas horas de la madrugada<\/strong>. Si quieres asegurarte un alojamiento ideal y cercano a las fiestas, no lo dudes: <strong>Lluna Aqua Hotel<\/strong> es tu elecci\u00f3n. \u00bfTienes alguna duda sobre las fiestas o la localizaci\u00f3n? No te preocupes, contacta con nosotros v\u00eda tel\u00e9fono <strong>+34 871 51 00 00<\/strong> o v\u00eda mail <strong><a href=\"mailto:booking@llunaaqua.com\"><span style=\"text-decoration: underline;\">booking@llunaaqua.com<\/span><\/a><\/strong> y resolveremos cualquier cuesti\u00f3n que tengas.<\/p>\n<p>&nbsp;<\/p>\n<h2>Reserva tu habitaci\u00f3n en nuestro hotel en S\u00f3ller<\/h2>\n<p>Queremos <strong>maximizar tus vacaciones en Mallorca<\/strong>. Y para ello te ofrecemos actividades con las que complementar tu estancia en <span style=\"text-decoration: underline;\"><strong><a href=\"https:\/\/www.llunaaquahotel.com\/es\/\">nuestro hotel en S\u00f3ller<\/a><\/strong><\/span>. Porque este pueblo se puede disfrutar de mil maneras distintas, pero con un factor en com\u00fan: un <strong>descanso confortable<\/strong> garantizado. <span style=\"text-decoration: underline;\"><strong><a href=\"https:\/\/www.llunaaquahotel.com\/es\/hotel-en-soller-habitaciones\/\">Reserva ya tu habitaci\u00f3n en Lluna Aqua Hotel<\/a><\/strong><\/span>. Te esperamos en este peque\u00f1o para\u00edso llamado Serra de Tramuntana.<\/p>\n","protected":false},"excerpt":{"rendered":"<p>Ya es una realidad. El verano est\u00e1 aqu\u00ed, y eso solo puede significar una cosa: es la mejor \u00e9poca para disfrutar de nuestro hotel en S\u00f3ller. Los rayos de sol alimentan a los naranjos del valle de este pueblo ubicado en la Serra de Tramuntana, mientras que, durante todo el mes de junio, se celebran [&hellip;]<\/p>\n","protected":false},"author":1,"featured_media":1115,"comment_status":"closed","ping_status":"closed","sticky":false,"template":"","format":"standard","meta":{"footnotes":""},"categories":[5],"tags":[],"class_list":["post-1114","post","type-post","status-publish","format-standard","has-post-thumbnail","hentry","category-cultura"],"yoast_head":"<!-- This site is optimized with the Yoast SEO plugin v27.4 - https:\/\/yoast.com\/product\/yoast-seo-wordpress\/ -->\n<title>Hotel en S\u00f3ller: Vive todas las fiestas de verano | Lluna Aqua Hotel<\/title>\n<meta name=\"description\" content=\"Sant Joan y Sant Pere. \u00bfTe gustar\u00eda saber m\u00e1s acerca de estas dos festividades? Lluna Aqua Hotel te lo cuenta palabra por palabra en este art\u00edculo de blog.\" \/>\n<meta name=\"robots\" content=\"index, follow, max-snippet:-1, max-image-preview:large, max-video-preview:-1\" \/>\n<link rel=\"canonical\" href=\"https:\/\/www.llunaaquahotel.com\/blog\/hotel-soller-summer-fiestas\/\" \/>\n<meta property=\"og:locale\" content=\"es_ES\" \/>\n<meta property=\"og:type\" content=\"article\" \/>\n<meta property=\"og:title\" content=\"Hotel en S\u00f3ller: Vive todas las fiestas de verano | Lluna Aqua Hotel\" \/>\n<meta property=\"og:description\" content=\"Sant Joan y Sant Pere. \u00bfTe gustar\u00eda saber m\u00e1s acerca de estas dos festividades? Lluna Aqua Hotel te lo cuenta palabra por palabra en este art\u00edculo de blog.\" \/>\n<meta property=\"og:url\" content=\"https:\/\/www.llunaaquahotel.com\/blog\/hotel-soller-summer-fiestas\/\" \/>\n<meta property=\"og:site_name\" content=\"Lluna Aqua S\u00f3ller\" \/>\n<meta property=\"article:published_time\" content=\"2019-06-07T09:48:40+00:00\" \/>\n<meta property=\"article:modified_time\" content=\"2019-06-07T09:55:25+00:00\" \/>\n<meta property=\"og:image\" content=\"https:\/\/www.llunaaquahotel.com\/wp-content\/uploads\/2019\/06\/hotel-soller-summer-fiestas.jpg\" \/>\n\t<meta property=\"og:image:width\" content=\"685\" \/>\n\t<meta property=\"og:image:height\" content=\"484\" \/>\n\t<meta property=\"og:image:type\" content=\"image\/jpeg\" \/>\n<meta name=\"author\" content=\"Lluna Aqua S\u00f3ller\" \/>\n<meta name=\"twitter:card\" content=\"summary_large_image\" \/>\n<meta name=\"twitter:label1\" content=\"Escrito por\" \/>\n\t<meta name=\"twitter:data1\" content=\"Lluna Aqua S\u00f3ller\" \/>\n\t<meta name=\"twitter:label2\" content=\"Tiempo de lectura\" \/>\n\t<meta name=\"twitter:data2\" content=\"3 minutos\" \/>\n<script type=\"application\/ld+json\" class=\"yoast-schema-graph\">{\"@context\":\"https:\\\/\\\/schema.org\",\"@graph\":[{\"@type\":\"Article\",\"@id\":\"https:\\\/\\\/www.llunaaquahotel.com\\\/blog\\\/hotel-soller-summer-fiestas\\\/#article\",\"isPartOf\":{\"@id\":\"https:\\\/\\\/www.llunaaquahotel.com\\\/blog\\\/hotel-soller-summer-fiestas\\\/\"},\"author\":{\"name\":\"Lluna Aqua S\u00f3ller\",\"@id\":\"https:\\\/\\\/www.llunaaquahotel.com\\\/#\\\/schema\\\/person\\\/34f185281a29899cd3b2eb10af482de6\"},\"headline\":\"Siente las fiestas de verano cerca de nuestro hotel en S\u00f3ller\",\"datePublished\":\"2019-06-07T09:48:40+00:00\",\"dateModified\":\"2019-06-07T09:55:25+00:00\",\"mainEntityOfPage\":{\"@id\":\"https:\\\/\\\/www.llunaaquahotel.com\\\/blog\\\/hotel-soller-summer-fiestas\\\/\"},\"wordCount\":562,\"image\":{\"@id\":\"https:\\\/\\\/www.llunaaquahotel.com\\\/blog\\\/hotel-soller-summer-fiestas\\\/#primaryimage\"},\"thumbnailUrl\":\"https:\\\/\\\/www.llunaaquahotel.com\\\/wp-content\\\/uploads\\\/2019\\\/06\\\/hotel-soller-summer-fiestas.jpg\",\"articleSection\":[\"cultura\"],\"inLanguage\":\"es\"},{\"@type\":\"WebPage\",\"@id\":\"https:\\\/\\\/www.llunaaquahotel.com\\\/blog\\\/hotel-soller-summer-fiestas\\\/\",\"url\":\"https:\\\/\\\/www.llunaaquahotel.com\\\/blog\\\/hotel-soller-summer-fiestas\\\/\",\"name\":\"Hotel en S\u00f3ller: Vive todas las fiestas de verano | Lluna Aqua Hotel\",\"isPartOf\":{\"@id\":\"https:\\\/\\\/www.llunaaquahotel.com\\\/#website\"},\"primaryImageOfPage\":{\"@id\":\"https:\\\/\\\/www.llunaaquahotel.com\\\/blog\\\/hotel-soller-summer-fiestas\\\/#primaryimage\"},\"image\":{\"@id\":\"https:\\\/\\\/www.llunaaquahotel.com\\\/blog\\\/hotel-soller-summer-fiestas\\\/#primaryimage\"},\"thumbnailUrl\":\"https:\\\/\\\/www.llunaaquahotel.com\\\/wp-content\\\/uploads\\\/2019\\\/06\\\/hotel-soller-summer-fiestas.jpg\",\"datePublished\":\"2019-06-07T09:48:40+00:00\",\"dateModified\":\"2019-06-07T09:55:25+00:00\",\"author\":{\"@id\":\"https:\\\/\\\/www.llunaaquahotel.com\\\/#\\\/schema\\\/person\\\/34f185281a29899cd3b2eb10af482de6\"},\"description\":\"Sant Joan y Sant Pere. \u00bfTe gustar\u00eda saber m\u00e1s acerca de estas dos festividades? Lluna Aqua Hotel te lo cuenta palabra por palabra en este art\u00edculo de blog.\",\"breadcrumb\":{\"@id\":\"https:\\\/\\\/www.llunaaquahotel.com\\\/blog\\\/hotel-soller-summer-fiestas\\\/#breadcrumb\"},\"inLanguage\":\"es\",\"potentialAction\":[{\"@type\":\"ReadAction\",\"target\":[\"https:\\\/\\\/www.llunaaquahotel.com\\\/blog\\\/hotel-soller-summer-fiestas\\\/\"]}]},{\"@type\":\"ImageObject\",\"inLanguage\":\"es\",\"@id\":\"https:\\\/\\\/www.llunaaquahotel.com\\\/blog\\\/hotel-soller-summer-fiestas\\\/#primaryimage\",\"url\":\"https:\\\/\\\/www.llunaaquahotel.com\\\/wp-content\\\/uploads\\\/2019\\\/06\\\/hotel-soller-summer-fiestas.jpg\",\"contentUrl\":\"https:\\\/\\\/www.llunaaquahotel.com\\\/wp-content\\\/uploads\\\/2019\\\/06\\\/hotel-soller-summer-fiestas.jpg\",\"width\":685,\"height\":484,\"caption\":\"hotel-soller-summer-fiestas\"},{\"@type\":\"BreadcrumbList\",\"@id\":\"https:\\\/\\\/www.llunaaquahotel.com\\\/blog\\\/hotel-soller-summer-fiestas\\\/#breadcrumb\",\"itemListElement\":[{\"@type\":\"ListItem\",\"position\":1,\"name\":\"Portada\",\"item\":\"https:\\\/\\\/www.llunaaquahotel.com\\\/es\\\/\"},{\"@type\":\"ListItem\",\"position\":2,\"name\":\"Siente las fiestas de verano cerca de nuestro hotel en S\u00f3ller\"}]},{\"@type\":\"WebSite\",\"@id\":\"https:\\\/\\\/www.llunaaquahotel.com\\\/#website\",\"url\":\"https:\\\/\\\/www.llunaaquahotel.com\\\/\",\"name\":\"Lluna Aqua S\u00f3ller\",\"description\":\"\",\"potentialAction\":[{\"@type\":\"SearchAction\",\"target\":{\"@type\":\"EntryPoint\",\"urlTemplate\":\"https:\\\/\\\/www.llunaaquahotel.com\\\/?s={search_term_string}\"},\"query-input\":{\"@type\":\"PropertyValueSpecification\",\"valueRequired\":true,\"valueName\":\"search_term_string\"}}],\"inLanguage\":\"es\"},{\"@type\":\"Person\",\"@id\":\"https:\\\/\\\/www.llunaaquahotel.com\\\/#\\\/schema\\\/person\\\/34f185281a29899cd3b2eb10af482de6\",\"name\":\"Lluna Aqua S\u00f3ller\"}]}<\/script>\n<!-- \/ Yoast SEO plugin. -->","yoast_head_json":{"title":"Hotel en S\u00f3ller: Vive todas las fiestas de verano | Lluna Aqua Hotel","description":"Sant Joan y Sant Pere. \u00bfTe gustar\u00eda saber m\u00e1s acerca de estas dos festividades? Lluna Aqua Hotel te lo cuenta palabra por palabra en este art\u00edculo de blog.","robots":{"index":"index","follow":"follow","max-snippet":"max-snippet:-1","max-image-preview":"max-image-preview:large","max-video-preview":"max-video-preview:-1"},"canonical":"https:\/\/www.llunaaquahotel.com\/blog\/hotel-soller-summer-fiestas\/","og_locale":"es_ES","og_type":"article","og_title":"Hotel en S\u00f3ller: Vive todas las fiestas de verano | Lluna Aqua Hotel","og_description":"Sant Joan y Sant Pere. \u00bfTe gustar\u00eda saber m\u00e1s acerca de estas dos festividades? Lluna Aqua Hotel te lo cuenta palabra por palabra en este art\u00edculo de blog.","og_url":"https:\/\/www.llunaaquahotel.com\/blog\/hotel-soller-summer-fiestas\/","og_site_name":"Lluna Aqua S\u00f3ller","article_published_time":"2019-06-07T09:48:40+00:00","article_modified_time":"2019-06-07T09:55:25+00:00","og_image":[{"width":685,"height":484,"url":"https:\/\/www.llunaaquahotel.com\/wp-content\/uploads\/2019\/06\/hotel-soller-summer-fiestas.jpg","type":"image\/jpeg"}],"author":"Lluna Aqua S\u00f3ller","twitter_card":"summary_large_image","twitter_misc":{"Escrito por":"Lluna Aqua S\u00f3ller","Tiempo de lectura":"3 minutos"},"schema":{"@context":"https:\/\/schema.org","@graph":[{"@type":"Article","@id":"https:\/\/www.llunaaquahotel.com\/blog\/hotel-soller-summer-fiestas\/#article","isPartOf":{"@id":"https:\/\/www.llunaaquahotel.com\/blog\/hotel-soller-summer-fiestas\/"},"author":{"name":"Lluna Aqua S\u00f3ller","@id":"https:\/\/www.llunaaquahotel.com\/#\/schema\/person\/34f185281a29899cd3b2eb10af482de6"},"headline":"Siente las fiestas de verano cerca de nuestro hotel en S\u00f3ller","datePublished":"2019-06-07T09:48:40+00:00","dateModified":"2019-06-07T09:55:25+00:00","mainEntityOfPage":{"@id":"https:\/\/www.llunaaquahotel.com\/blog\/hotel-soller-summer-fiestas\/"},"wordCount":562,"image":{"@id":"https:\/\/www.llunaaquahotel.com\/blog\/hotel-soller-summer-fiestas\/#primaryimage"},"thumbnailUrl":"https:\/\/www.llunaaquahotel.com\/wp-content\/uploads\/2019\/06\/hotel-soller-summer-fiestas.jpg","articleSection":["cultura"],"inLanguage":"es"},{"@type":"WebPage","@id":"https:\/\/www.llunaaquahotel.com\/blog\/hotel-soller-summer-fiestas\/","url":"https:\/\/www.llunaaquahotel.com\/blog\/hotel-soller-summer-fiestas\/","name":"Hotel en S\u00f3ller: Vive todas las fiestas de verano | Lluna Aqua Hotel","isPartOf":{"@id":"https:\/\/www.llunaaquahotel.com\/#website"},"primaryImageOfPage":{"@id":"https:\/\/www.llunaaquahotel.com\/blog\/hotel-soller-summer-fiestas\/#primaryimage"},"image":{"@id":"https:\/\/www.llunaaquahotel.com\/blog\/hotel-soller-summer-fiestas\/#primaryimage"},"thumbnailUrl":"https:\/\/www.llunaaquahotel.com\/wp-content\/uploads\/2019\/06\/hotel-soller-summer-fiestas.jpg","datePublished":"2019-06-07T09:48:40+00:00","dateModified":"2019-06-07T09:55:25+00:00","author":{"@id":"https:\/\/www.llunaaquahotel.com\/#\/schema\/person\/34f185281a29899cd3b2eb10af482de6"},"description":"Sant Joan y Sant Pere. \u00bfTe gustar\u00eda saber m\u00e1s acerca de estas dos festividades? Lluna Aqua Hotel te lo cuenta palabra por palabra en este art\u00edculo de blog.","breadcrumb":{"@id":"https:\/\/www.llunaaquahotel.com\/blog\/hotel-soller-summer-fiestas\/#breadcrumb"},"inLanguage":"es","potentialAction":[{"@type":"ReadAction","target":["https:\/\/www.llunaaquahotel.com\/blog\/hotel-soller-summer-fiestas\/"]}]},{"@type":"ImageObject","inLanguage":"es","@id":"https:\/\/www.llunaaquahotel.com\/blog\/hotel-soller-summer-fiestas\/#primaryimage","url":"https:\/\/www.llunaaquahotel.com\/wp-content\/uploads\/2019\/06\/hotel-soller-summer-fiestas.jpg","contentUrl":"https:\/\/www.llunaaquahotel.com\/wp-content\/uploads\/2019\/06\/hotel-soller-summer-fiestas.jpg","width":685,"height":484,"caption":"hotel-soller-summer-fiestas"},{"@type":"BreadcrumbList","@id":"https:\/\/www.llunaaquahotel.com\/blog\/hotel-soller-summer-fiestas\/#breadcrumb","itemListElement":[{"@type":"ListItem","position":1,"name":"Portada","item":"https:\/\/www.llunaaquahotel.com\/es\/"},{"@type":"ListItem","position":2,"name":"Siente las fiestas de verano cerca de nuestro hotel en S\u00f3ller"}]},{"@type":"WebSite","@id":"https:\/\/www.llunaaquahotel.com\/#website","url":"https:\/\/www.llunaaquahotel.com\/","name":"Lluna Aqua S\u00f3ller","description":"","potentialAction":[{"@type":"SearchAction","target":{"@type":"EntryPoint","urlTemplate":"https:\/\/www.llunaaquahotel.com\/?s={search_term_string}"},"query-input":{"@type":"PropertyValueSpecification","valueRequired":true,"valueName":"search_term_string"}}],"inLanguage":"es"},{"@type":"Person","@id":"https:\/\/www.llunaaquahotel.com\/#\/schema\/person\/34f185281a29899cd3b2eb10af482de6","name":"Lluna Aqua S\u00f3ller"}]}},"_links":{"self":[{"href":"https:\/\/www.llunaaquahotel.com\/es\/wp-json\/wp\/v2\/posts\/1114","targetHints":{"allow":["GET"]}}],"collection":[{"href":"https:\/\/www.llunaaquahotel.com\/es\/wp-json\/wp\/v2\/posts"}],"about":[{"href":"https:\/\/www.llunaaquahotel.com\/es\/wp-json\/wp\/v2\/types\/post"}],"author":[{"embeddable":true,"href":"https:\/\/www.llunaaquahotel.com\/es\/wp-json\/wp\/v2\/users\/1"}],"replies":[{"embeddable":true,"href":"https:\/\/www.llunaaquahotel.com\/es\/wp-json\/wp\/v2\/comments?post=1114"}],"version-history":[{"count":0,"href":"https:\/\/www.llunaaquahotel.com\/es\/wp-json\/wp\/v2\/posts\/1114\/revisions"}],"wp:featuredmedia":[{"embeddable":true,"href":"https:\/\/www.llunaaquahotel.com\/es\/wp-json\/wp\/v2\/media\/1115"}],"wp:attachment":[{"href":"https:\/\/www.llunaaquahotel.com\/es\/wp-json\/wp\/v2\/media?parent=1114"}],"wp:term":[{"taxonomy":"category","embeddable":true,"href":"https:\/\/www.llunaaquahotel.com\/es\/wp-json\/wp\/v2\/categories?post=1114"},{"taxonomy":"post_tag","embeddable":true,"href":"https:\/\/www.llunaaquahotel.com\/es\/wp-json\/wp\/v2\/tags?post=1114"}],"curies":[{"name":"wp","href":"https:\/\/api.w.org\/{rel}","templated":true}]}}